{"id":344,"date":"2015-02-22T17:14:58","date_gmt":"2015-02-22T16:14:58","guid":{"rendered":"http:\/\/www.timor-rocks.com\/image-latente\/?p=344"},"modified":"2015-02-22T17:14:58","modified_gmt":"2015-02-22T16:14:58","slug":"entretiens-avec-la-mer-representations-projection-publique-des-black-variations","status":"publish","type":"post","link":"https:\/\/www.timor-rocks.com\/image-latente\/entretiens-avec-la-mer-representations-projection-publique-des-black-variations\/","title":{"rendered":"Entretiens avec la mer : repr\u00e9sentations + projection publique des Black Variations"},"content":{"rendered":"<p><em><a href=\"http:\/\/www.timor-rocks.com\/image-latente\/wp-content\/uploads\/2015\/02\/EALM-visuel-ptps2015.jpg\"><img loading=\"lazy\" decoding=\"async\" class=\"alignleft size-medium wp-image-345\" src=\"http:\/\/www.timor-rocks.com\/image-latente\/wp-content\/uploads\/2015\/02\/EALM-visuel-ptps2015-300x212.jpg\" alt=\"EALM-visuel-ptps2015\" width=\"300\" height=\"212\" srcset=\"https:\/\/www.timor-rocks.com\/image-latente\/wp-content\/uploads\/2015\/02\/EALM-visuel-ptps2015-300x212.jpg 300w, https:\/\/www.timor-rocks.com\/image-latente\/wp-content\/uploads\/2015\/02\/EALM-visuel-ptps2015.jpg 700w\" sizes=\"auto, (max-width: 300px) 100vw, 300px\" \/><\/a>Entre\u00adtiens avec la mer<\/em> : rattrapage possible pour ceux qui ont rat\u00e9 les dates de la cr\u00e9ation en novembre dernier. Quelques reprises en vue, \u00e0 la vaillante Friche de Viry-Ch\u00e2tillon (91) le 18 mars et au Th\u00e9\u00e2tre de Bagneux (92) les 20 et 21 mars 2015.<\/p>\n<p><br class=\"spacer\" \/><br class=\"spacer\" \/><br class=\"spacer\" \/><br class=\"spacer\" \/><\/p>\n<p><a href=\"http:\/\/www.timor-rocks.com\/image-latente\/wp-content\/uploads\/2015\/02\/tdm-ruees-14-15-05-aff-web.jpg\"><img loading=\"lazy\" decoding=\"async\" class=\"alignleft size-medium wp-image-347\" src=\"http:\/\/www.timor-rocks.com\/image-latente\/wp-content\/uploads\/2015\/02\/tdm-ruees-14-15-05-aff-web-212x300.jpg\" alt=\"tdm-ruees-14-15-05-aff-web\" width=\"212\" height=\"300\" srcset=\"https:\/\/www.timor-rocks.com\/image-latente\/wp-content\/uploads\/2015\/02\/tdm-ruees-14-15-05-aff-web-212x300.jpg 212w, https:\/\/www.timor-rocks.com\/image-latente\/wp-content\/uploads\/2015\/02\/tdm-ruees-14-15-05-aff-web.jpg 495w\" sizes=\"auto, (max-width: 212px) 100vw, 212px\" \/><\/a>Par ailleurs les <em>Black Variations<\/em>, side-project repr\u00e9sent\u00e9 dans le livre par le poster-bonus et un acc\u00e8s au mini-site des vid\u00e9os, feront l&rsquo;objet d&rsquo;une soir\u00e9e exclusive le 6 mars. L&rsquo;int\u00e9grale des films photographiques, y compris le tout dernier #7, seront projet\u00e9s au cours d&rsquo;une soir\u00e9e <em>Ru\u00e9e dans les Box<\/em>, au (petit) th\u00e9\u00e2tre de la Cavalerie, en Val d&rsquo;Essonne.<br \/>\n<br class=\"spacer\" \/><br class=\"spacer\" \/><br class=\"spacer\" \/><br class=\"spacer\" \/><br \/>\n<br class=\"spacer\" \/><br class=\"spacer\" \/><br class=\"spacer\" \/><br class=\"spacer\" \/><br \/>\nDeux occasions de voir s&rsquo;incarner autrement ces projets, rencontrer les auteurs, vous faire d\u00e9dicacer le livre&#8230; Les absents se consoleront partiellement en commandant ici directement ;-)<\/p>\n<p><br class=\"spacer\" \/><br class=\"spacer\" \/><\/p>\n<p>Plus de d\u00e9tails sur le spectacle, dates : <a title=\"Hop, l\u00e0-bas !\" href=\"http:\/\/www.theatre-du-menteur.com\/?page_id=1256\">site de la compagnie<\/a>.<\/p>\n<p>Plus de d\u00e9tails sur la soir\u00e9e projection des Black Variations : <a title=\"Hop, l\u00e0-bas !\" href=\"http:\/\/www.theatre-du-menteur.com\/ai1ec_event\/la-ruee-dans-les-box-5-vert-le-petit-2\/\">lien vers l&rsquo;\u00e9v\u00e9nement<\/a>.<\/p>\n<p>En savoir plus sur le livre, commander : <a title=\"Entretiens avec la mer\" href=\"http:\/\/www.timor-rocks.com\/image-latente\/publications\/entretiens-avec-la-mer\/\">page de l\u2019ouvrage<\/a>.<\/p>\n","protected":false},"excerpt":{"rendered":"<p>Entre\u00adtiens avec la mer : rattrapage possible pour ceux qui ont rat\u00e9 les dates de la cr\u00e9ation en novembre dernier. Quelques reprises en vue, \u00e0 la vaillante Friche de Viry-Ch\u00e2tillon (91) le 18 mars et au Th\u00e9\u00e2tre de Bagneux (92) les 20 et 21 mars 2015. Par ailleurs les Black Variations, side-project repr\u00e9sent\u00e9 dans le &hellip; <a href=\"https:\/\/www.timor-rocks.com\/image-latente\/entretiens-avec-la-mer-representations-projection-publique-des-black-variations\/\" class=\"more-link\">Continuer la lecture de <span class=\"screen-reader-text\">Entretiens avec la mer : repr\u00e9sentations + projection publique des Black Variations<\/span>  <span class=\"meta-nav\">&rarr;<\/span><\/a><\/p>\n","protected":false},"author":1,"featured_media":0,"comment_status":"closed","ping_status":"open","sticky":false,"template":"","format":"standard","meta":{"footnotes":""},"categories":[29],"tags":[9,18,11,28,7,17,25,5,23,8,4,24],"class_list":["post-344","post","type-post","status-publish","format-standard","hentry","category-evenements","tag-bonus","tag-co-edition","tag-creation-sonore","tag-ernesto-timor","tag-japon","tag-livre","tag-musique","tag-photographie","tag-signature","tag-spectacle-vivant","tag-theatre","tag-transdisciplinaire","wpautop"],"_links":{"self":[{"href":"https:\/\/www.timor-rocks.com\/image-latente\/wp-json\/wp\/v2\/posts\/344","targetHints":{"allow":["GET"]}}],"collection":[{"href":"https:\/\/www.timor-rocks.com\/image-latente\/wp-json\/wp\/v2\/posts"}],"about":[{"href":"https:\/\/www.timor-rocks.com\/image-latente\/wp-json\/wp\/v2\/types\/post"}],"author":[{"embeddable":true,"href":"https:\/\/www.timor-rocks.com\/image-latente\/wp-json\/wp\/v2\/users\/1"}],"replies":[{"embeddable":true,"href":"https:\/\/www.timor-rocks.com\/image-latente\/wp-json\/wp\/v2\/comments?post=344"}],"version-history":[{"count":4,"href":"https:\/\/www.timor-rocks.com\/image-latente\/wp-json\/wp\/v2\/posts\/344\/revisions"}],"predecessor-version":[{"id":351,"href":"https:\/\/www.timor-rocks.com\/image-latente\/wp-json\/wp\/v2\/posts\/344\/revisions\/351"}],"wp:attachment":[{"href":"https:\/\/www.timor-rocks.com\/image-latente\/wp-json\/wp\/v2\/media?parent=344"}],"wp:term":[{"taxonomy":"category","embeddable":true,"href":"https:\/\/www.timor-rocks.com\/image-latente\/wp-json\/wp\/v2\/categories?post=344"},{"taxonomy":"post_tag","embeddable":true,"href":"https:\/\/www.timor-rocks.com\/image-latente\/wp-json\/wp\/v2\/tags?post=344"}],"curies":[{"name":"wp","href":"https:\/\/api.w.org\/{rel}","templated":true}]}}